{"id":608,"date":"2021-03-25T13:04:09","date_gmt":"2021-03-25T16:04:09","guid":{"rendered":"https:\/\/campanhasolidaria.ccab.org.br\/?p=608"},"modified":"2021-03-25T18:05:49","modified_gmt":"2021-03-25T21:05:49","slug":"doacao-de-mascaras-para-profissionais-de-saude","status":"publish","type":"post","link":"https:\/\/responsabilidadesocial.ccab.org.br\/?p=608","title":{"rendered":"Doa\u00e7\u00e3o de m\u00e1scaras para profissionais de sa\u00fade"},"content":{"rendered":"\n<p>C\u00e2mara \u00c1rabe doou m\u00e1scaras para profissionais da sa\u00fade de unidades da Federa\u00e7\u00e3o das Santas Casas e Hospitais Beneficentes do Estado de S\u00e3o Paulo. <\/p>\n\n\n\n<p>Saiba mais <a href=\"https:\/\/anba.com.br\/camara-arabe-doou-2-mil-mascaras-para-hospitais-santa-casa\/\">aqui<\/a>.<\/p>\n","protected":false},"excerpt":{"rendered":"<p>C\u00e2mara \u00c1rabe doou m\u00e1scaras para profissionais da sa\u00fade de unidades da Federa\u00e7\u00e3o das Santas Casas e Hospitais Beneficentes do Estado de S\u00e3o Paulo. Saiba mais aqui.<\/p>\n","protected":false},"author":3,"featured_media":609,"comment_status":"closed","ping_status":"closed","sticky":false,"template":"","format":"standard","meta":{"om_disable_all_campaigns":false,"_monsterinsights_skip_tracking":false,"_monsterinsights_sitenote_active":false,"_monsterinsights_sitenote_note":"","_monsterinsights_sitenote_category":0,"footnotes":""},"categories":[1],"tags":[],"class_list":["post-608","post","type-post","status-publish","format-standard","has-post-thumbnail","hentry","category-sem-categoria"],"aioseo_notices":[],"_links":{"self":[{"href":"https:\/\/responsabilidadesocial.ccab.org.br\/index.php?rest_route=\/wp\/v2\/posts\/608","targetHints":{"allow":["GET"]}}],"collection":[{"href":"https:\/\/responsabilidadesocial.ccab.org.br\/index.php?rest_route=\/wp\/v2\/posts"}],"about":[{"href":"https:\/\/responsabilidadesocial.ccab.org.br\/index.php?rest_route=\/wp\/v2\/types\/post"}],"author":[{"embeddable":true,"href":"https:\/\/responsabilidadesocial.ccab.org.br\/index.php?rest_route=\/wp\/v2\/users\/3"}],"replies":[{"embeddable":true,"href":"https:\/\/responsabilidadesocial.ccab.org.br\/index.php?rest_route=%2Fwp%2Fv2%2Fcomments&post=608"}],"version-history":[{"count":2,"href":"https:\/\/responsabilidadesocial.ccab.org.br\/index.php?rest_route=\/wp\/v2\/posts\/608\/revisions"}],"predecessor-version":[{"id":624,"href":"https:\/\/responsabilidadesocial.ccab.org.br\/index.php?rest_route=\/wp\/v2\/posts\/608\/revisions\/624"}],"wp:featuredmedia":[{"embeddable":true,"href":"https:\/\/responsabilidadesocial.ccab.org.br\/index.php?rest_route=\/wp\/v2\/media\/609"}],"wp:attachment":[{"href":"https:\/\/responsabilidadesocial.ccab.org.br\/index.php?rest_route=%2Fwp%2Fv2%2Fmedia&parent=608"}],"wp:term":[{"taxonomy":"category","embeddable":true,"href":"https:\/\/responsabilidadesocial.ccab.org.br\/index.php?rest_route=%2Fwp%2Fv2%2Fcategories&post=608"},{"taxonomy":"post_tag","embeddable":true,"href":"https:\/\/responsabilidadesocial.ccab.org.br\/index.php?rest_route=%2Fwp%2Fv2%2Ftags&post=608"}],"curies":[{"name":"wp","href":"https:\/\/api.w.org\/{rel}","templated":true}]}}