{"id":615,"date":"2021-03-25T13:20:40","date_gmt":"2021-03-25T16:20:40","guid":{"rendered":"https:\/\/campanhasolidaria.ccab.org.br\/?p=615"},"modified":"2021-03-25T18:05:18","modified_gmt":"2021-03-25T21:05:18","slug":"campanha-de-arrecadacao-no-combate-ao-coronavirus","status":"publish","type":"post","link":"https:\/\/responsabilidadesocial.ccab.org.br\/?p=615","title":{"rendered":"Campanha de arrecada\u00e7\u00e3o no combate ao coronav\u00edrus"},"content":{"rendered":"\n<p>A campanha virtual foi lan\u00e7ada em 20 de abril junto a associados, empresas \u00e1rabes e brasileiras, institui\u00e7\u00f5es religiosas, frigor\u00edficos, certificadoras e pessoas f\u00edsicas. O valor foi destinado \u00e0 compra de m\u00e1scaras e aventais, entre outros equipamentos de prote\u00e7\u00e3o individual, necess\u00e1rios neste momento de pandemia.<\/p>\n\n\n\n<p>Saiba mais <a href=\"https:\/\/anba.com.br\/camara-arabe-lanca-campanha-por-doacoes-para-combater-covid\/\">aqui<\/a>.<\/p>\n","protected":false},"excerpt":{"rendered":"<p>A campanha virtual foi lan\u00e7ada em 20 de abril junto a associados, empresas \u00e1rabes e brasileiras, institui\u00e7\u00f5es religiosas, frigor\u00edficos, certificadoras e pessoas f\u00edsicas. O valor foi destinado \u00e0 compra de m\u00e1scaras e aventais, entre outros equipamentos de prote\u00e7\u00e3o individual, necess\u00e1rios neste momento de pandemia. Saiba mais aqui.<\/p>\n","protected":false},"author":3,"featured_media":616,"comment_status":"closed","ping_status":"closed","sticky":false,"template":"","format":"standard","meta":{"om_disable_all_campaigns":false,"_monsterinsights_skip_tracking":false,"_monsterinsights_sitenote_active":false,"_monsterinsights_sitenote_note":"","_monsterinsights_sitenote_category":0,"footnotes":""},"categories":[1],"tags":[],"class_list":["post-615","post","type-post","status-publish","format-standard","has-post-thumbnail","hentry","category-sem-categoria"],"aioseo_notices":[],"_links":{"self":[{"href":"https:\/\/responsabilidadesocial.ccab.org.br\/index.php?rest_route=\/wp\/v2\/posts\/615","targetHints":{"allow":["GET"]}}],"collection":[{"href":"https:\/\/responsabilidadesocial.ccab.org.br\/index.php?rest_route=\/wp\/v2\/posts"}],"about":[{"href":"https:\/\/responsabilidadesocial.ccab.org.br\/index.php?rest_route=\/wp\/v2\/types\/post"}],"author":[{"embeddable":true,"href":"https:\/\/responsabilidadesocial.ccab.org.br\/index.php?rest_route=\/wp\/v2\/users\/3"}],"replies":[{"embeddable":true,"href":"https:\/\/responsabilidadesocial.ccab.org.br\/index.php?rest_route=%2Fwp%2Fv2%2Fcomments&post=615"}],"version-history":[{"count":2,"href":"https:\/\/responsabilidadesocial.ccab.org.br\/index.php?rest_route=\/wp\/v2\/posts\/615\/revisions"}],"predecessor-version":[{"id":638,"href":"https:\/\/responsabilidadesocial.ccab.org.br\/index.php?rest_route=\/wp\/v2\/posts\/615\/revisions\/638"}],"wp:featuredmedia":[{"embeddable":true,"href":"https:\/\/responsabilidadesocial.ccab.org.br\/index.php?rest_route=\/wp\/v2\/media\/616"}],"wp:attachment":[{"href":"https:\/\/responsabilidadesocial.ccab.org.br\/index.php?rest_route=%2Fwp%2Fv2%2Fmedia&parent=615"}],"wp:term":[{"taxonomy":"category","embeddable":true,"href":"https:\/\/responsabilidadesocial.ccab.org.br\/index.php?rest_route=%2Fwp%2Fv2%2Fcategories&post=615"},{"taxonomy":"post_tag","embeddable":true,"href":"https:\/\/responsabilidadesocial.ccab.org.br\/index.php?rest_route=%2Fwp%2Fv2%2Ftags&post=615"}],"curies":[{"name":"wp","href":"https:\/\/api.w.org\/{rel}","templated":true}]}}